{"id":412,"date":"2018-01-28T14:59:03","date_gmt":"2018-01-28T12:59:03","guid":{"rendered":"http:\/\/www.albertocuadrado.es\/q\/?p=412"},"modified":"2018-01-28T14:59:03","modified_gmt":"2018-01-28T12:59:03","slug":"una-valla-en-el-camino","status":"publish","type":"post","link":"http:\/\/www.albertocuadrado.es\/q\/una-valla-en-el-camino\/","title":{"rendered":"Una valla en el camino"},"content":{"rendered":"<p>\u00c9l iba en moto. Cada d\u00eda el mismo trayecto. Todo bajo control.<\/p>\n<p>Acelera para que el sem\u00e1foro no cambie a rojo antes de su paso. Como cada d\u00eda.<\/p>\n<p>Toma caf\u00e9 en el mismo bar. Ya saben c\u00f3mo serv\u00edrselo. No hace falta que diga nada.<\/p>\n<p>Vuelve a subirse a su moto, que dej\u00f3 aparcada entre el banco y la farola. Como siempre.<\/p>\n<p>Acelera, gira, frena, bache, intermitente, gas y a la oficina hasta las 18. Siempre igual.<\/p>\n<p>Al salir, el camino es el mismo. Nada le sorprende. Nada le hace pensar.<\/p>\n<p>Un d\u00eda sale del parking y al querer incorporarse a la avenida que da acceso a su rutinario camino, se topa con una valla de color amarillo que le dice \u00abesto no te lo esperabas, te vas a tener que apa\u00f1ar\u00bb.<\/p>\n<p>Con el paso de los d\u00edas se da cuenta de que ese nuevo viaje no est\u00e1 tan mal.<\/p>\n<p>Tarda casi lo mismo.No hay baches y un sem\u00e1foro menos.<\/p>\n<p>Ha descubierto una cafeter\u00eda en la que le ponen unas galletas junto su caf\u00e9. Un brebaje caf\u00e9 que no es igual al que est\u00e1 acostumbrado, pero no le importa.<\/p>\n<p>Ahora, al salir de casa, piensa cada d\u00eda en esas dichosas galletas. Es m\u00e1s, sale diez minutos antes para no tener prisa. La odia.<\/p>\n<p>Los jueves pide cuatro galletas para llevar. Le chiflan.<\/p>\n<p>Ya no se da cuenta de esa valla que le cierra (o abre) el camino. \u00c9l, simplemente, tuerce a la derecha y ya. Y no le importa, todo lo contrario.<\/p>\n<p>Un d\u00eda sale cada y no se encuentra con la valla. Y le da por pensar.<\/p>\n<p>Se acuerda de la novedad que es ella.<\/p>\n<p>De lo mucho que le gusta recibir sus mensajes.<\/p>\n<p>De lo que le agrada pasar con ella la noche de los jueves.<\/p>\n<p>De lo que le pone su diente torcido.<\/p>\n<p>De cosas que le gustan de ella.<\/p>\n<p>De cosas que cre\u00eda olvidadas de \u00e9l.<\/p>\n<p>PERO.<\/p>\n<p>Pero ella no es lo \u00fanico que tiene en la cabeza.<\/p>\n<p>En su cabeza vive ELLA. La verdadera \u00abELLA\u00bb.<\/p>\n<p>Porque ELLA es lo m\u00e1s. Pocas cosas hace mal, pocas cosas no le gustan de ELLA. Y las que no sabe hacer o no le gustan, le vuelven loco.<\/p>\n<p>Pero todo lo compara. Esto est\u00e1 bien. Pero con ELLA es mejor. O no. Pero eso no importa.<\/p>\n<p>ELLA se fue. O se fue \u00e9l. Qu\u00e9 m\u00e1s da. Sus caminos se separaron.<\/p>\n<p>Pero \u00e9l sigue buscando esa se\u00f1al luminosa que le diga \u00abpor aqu\u00ed\u00bb.<\/p>\n<p>No se aparta de su camino, porque sabe que es la \u00fanica manera de que&#8230; oh, vaya.<\/p>\n","protected":false},"excerpt":{"rendered":"<p>\u00c9l iba en moto. Cada d\u00eda el mismo trayecto. Todo bajo control. Acelera para que el sem\u00e1foro no cambie a rojo antes de su paso. Como cada d\u00eda. Toma caf\u00e9 en el mismo bar. Ya saben c\u00f3mo serv\u00edrselo. No hace falta que diga nada. Vuelve a subirse a su moto, que dej\u00f3 aparcada entre el &hellip; <a href=\"http:\/\/www.albertocuadrado.es\/q\/una-valla-en-el-camino\/\" class=\"more-link\">Contin\u00faa leyendo <span class=\"screen-reader-text\">Una valla en el camino<\/span><\/a><\/p>\n","protected":false},"author":1,"featured_media":0,"comment_status":"open","ping_status":"open","sticky":false,"template":"","format":"standard","meta":[],"categories":[4],"tags":[],"_links":{"self":[{"href":"http:\/\/www.albertocuadrado.es\/q\/wp-json\/wp\/v2\/posts\/412"}],"collection":[{"href":"http:\/\/www.albertocuadrado.es\/q\/wp-json\/wp\/v2\/posts"}],"about":[{"href":"http:\/\/www.albertocuadrado.es\/q\/wp-json\/wp\/v2\/types\/post"}],"author":[{"embeddable":true,"href":"http:\/\/www.albertocuadrado.es\/q\/wp-json\/wp\/v2\/users\/1"}],"replies":[{"embeddable":true,"href":"http:\/\/www.albertocuadrado.es\/q\/wp-json\/wp\/v2\/comments?post=412"}],"version-history":[{"count":1,"href":"http:\/\/www.albertocuadrado.es\/q\/wp-json\/wp\/v2\/posts\/412\/revisions"}],"predecessor-version":[{"id":413,"href":"http:\/\/www.albertocuadrado.es\/q\/wp-json\/wp\/v2\/posts\/412\/revisions\/413"}],"wp:attachment":[{"href":"http:\/\/www.albertocuadrado.es\/q\/wp-json\/wp\/v2\/media?parent=412"}],"wp:term":[{"taxonomy":"category","embeddable":true,"href":"http:\/\/www.albertocuadrado.es\/q\/wp-json\/wp\/v2\/categories?post=412"},{"taxonomy":"post_tag","embeddable":true,"href":"http:\/\/www.albertocuadrado.es\/q\/wp-json\/wp\/v2\/tags?post=412"}],"curies":[{"name":"wp","href":"https:\/\/api.w.org\/{rel}","templated":true}]}}